{"id":13877,"date":"2021-06-14T11:03:00","date_gmt":"2021-06-14T09:03:00","guid":{"rendered":"https:\/\/www.imergroup.com\/?p=13877"},"modified":"2026-02-02T16:35:26","modified_gmt":"2026-02-02T15:35:26","slug":"wir-sind-auf-dem-titelblatt","status":"publish","type":"post","link":"https:\/\/www.imergroup.com\/de\/wir-sind-auf-dem-titelblatt\/","title":{"rendered":"WIR SIND AUF DEM TITELBLATT!"},"content":{"rendered":"\n<p class=\"wp-block-paragraph\">Unsere IMER Access Luftplattform IM 17220 E ist auf dem Cover der Mai\/Juni-Ausgabe von Access International!<br\/><br\/><a href=\"https:\/\/bit.ly\/3cgCbjz\" rel=\"noopener\"><strong>Klicke hier<\/strong><\/a>, um das Magazin durchzubl\u00e4ttern und herunterzuladen, das auch einen Artikel \u00fcber unser Sortiment an Scherenb\u00fchnen f\u00fcr den Off-Road-Einsatz enth\u00e4lt (Seite 18-19).<\/p>\n\n<figure class=\"wp-block-image size-large\"><img loading=\"lazy\" decoding=\"async\" width=\"725\" height=\"1024\" src=\"https:\/\/www.imergroup.com\/wp-content\/uploads\/2023\/11\/News_Acc_Int_giu2021-725x1024.png\" alt=\"\" class=\"wp-image-7963\" srcset=\"https:\/\/www.imergroup.com\/wp-content\/uploads\/2023\/11\/News_Acc_Int_giu2021-725x1024.png 725w, https:\/\/www.imergroup.com\/wp-content\/uploads\/2023\/11\/News_Acc_Int_giu2021-212x300.png 212w, https:\/\/www.imergroup.com\/wp-content\/uploads\/2023\/11\/News_Acc_Int_giu2021-768x1085.png 768w, https:\/\/www.imergroup.com\/wp-content\/uploads\/2023\/11\/News_Acc_Int_giu2021-425x600.png 425w, https:\/\/www.imergroup.com\/wp-content\/uploads\/2023\/11\/News_Acc_Int_giu2021-322x455.png 322w, https:\/\/www.imergroup.com\/wp-content\/uploads\/2023\/11\/News_Acc_Int_giu2021.png 878w\" sizes=\"auto, (max-width: 725px) 100vw, 725px\" \/><\/figure>\n","protected":false},"excerpt":{"rendered":"<p>Unsere IMER Access Luftplattform IM 17220 E ist auf dem Cover der Mai\/Juni-Ausgabe von Access International! Klicke hier, um das Magazin durchzubl\u00e4ttern und herunterzuladen, das auch einen Artikel \u00fcber unser Sortiment an Scherenb\u00fchnen f\u00fcr den Off-Road-Einsatz enth\u00e4lt (Seite 18-19).<\/p>\n","protected":false},"author":2,"featured_media":16962,"comment_status":"closed","ping_status":"closed","sticky":false,"template":"","format":"standard","meta":{"_acf_changed":false,"footnotes":""},"categories":[717],"tags":[],"class_list":["post-13877","post","type-post","status-publish","format-standard","has-post-thumbnail","hentry","category-unkategorisiert"],"acf":[],"_links":{"self":[{"href":"https:\/\/www.imergroup.com\/de\/wp-json\/wp\/v2\/posts\/13877","targetHints":{"allow":["GET"]}}],"collection":[{"href":"https:\/\/www.imergroup.com\/de\/wp-json\/wp\/v2\/posts"}],"about":[{"href":"https:\/\/www.imergroup.com\/de\/wp-json\/wp\/v2\/types\/post"}],"author":[{"embeddable":true,"href":"https:\/\/www.imergroup.com\/de\/wp-json\/wp\/v2\/users\/2"}],"replies":[{"embeddable":true,"href":"https:\/\/www.imergroup.com\/de\/wp-json\/wp\/v2\/comments?post=13877"}],"version-history":[{"count":1,"href":"https:\/\/www.imergroup.com\/de\/wp-json\/wp\/v2\/posts\/13877\/revisions"}],"predecessor-version":[{"id":13878,"href":"https:\/\/www.imergroup.com\/de\/wp-json\/wp\/v2\/posts\/13877\/revisions\/13878"}],"wp:featuredmedia":[{"embeddable":true,"href":"https:\/\/www.imergroup.com\/de\/wp-json\/wp\/v2\/media\/16962"}],"wp:attachment":[{"href":"https:\/\/www.imergroup.com\/de\/wp-json\/wp\/v2\/media?parent=13877"}],"wp:term":[{"taxonomy":"category","embeddable":true,"href":"https:\/\/www.imergroup.com\/de\/wp-json\/wp\/v2\/categories?post=13877"},{"taxonomy":"post_tag","embeddable":true,"href":"https:\/\/www.imergroup.com\/de\/wp-json\/wp\/v2\/tags?post=13877"}],"curies":[{"name":"wp","href":"https:\/\/api.w.org\/{rel}","templated":true}]}}