{"id":14061,"date":"2024-04-05T11:26:28","date_gmt":"2024-04-05T09:26:28","guid":{"rendered":"https:\/\/www.imergroup.com\/?p=14061"},"modified":"2026-02-02T16:34:57","modified_gmt":"2026-02-02T15:34:57","slug":"intermat-2024","status":"publish","type":"post","link":"https:\/\/www.imergroup.com\/de\/intermat-2024\/","title":{"rendered":"INTERMAT 2024"},"content":{"rendered":"\n<p class=\"wp-block-paragraph\">Der Termin f\u00fcr Intermat r\u00fcckt n\u00e4her, die internationale Messe der Bauindustrie, die vom 24. bis 27. April in Paris stattfindet. An dieser Ausgabe werden fast 1.000 Aussteller teilnehmen. <br\/><br\/>Wir werden mit unserem gesamten Produktsortiment aus allen unseren Divisionen am Stand vertreten sein, der von unserer franz\u00f6sischen Tochtergesellschaft organisiert wird. <br\/><br\/>Wir freuen uns auf Ihren Besuch am Stand EXT6 C 049!<\/p>\n\n<figure class=\"wp-block-image size-large\"><img loading=\"lazy\" decoding=\"async\" width=\"1024\" height=\"1024\" src=\"https:\/\/www.imergroup.com\/wp-content\/uploads\/2024\/04\/news_Intermat-2024-1024x1024.png\" alt=\"\" class=\"wp-image-10587\" srcset=\"https:\/\/www.imergroup.com\/wp-content\/uploads\/2024\/04\/news_Intermat-2024-1024x1024.png 1024w, https:\/\/www.imergroup.com\/wp-content\/uploads\/2024\/04\/news_Intermat-2024-300x300.png 300w, https:\/\/www.imergroup.com\/wp-content\/uploads\/2024\/04\/news_Intermat-2024-150x150.png 150w, https:\/\/www.imergroup.com\/wp-content\/uploads\/2024\/04\/news_Intermat-2024-768x768.png 768w, https:\/\/www.imergroup.com\/wp-content\/uploads\/2024\/04\/news_Intermat-2024-600x600.png 600w, https:\/\/www.imergroup.com\/wp-content\/uploads\/2024\/04\/news_Intermat-2024-455x455.png 455w, https:\/\/www.imergroup.com\/wp-content\/uploads\/2024\/04\/news_Intermat-2024.png 1080w\" sizes=\"auto, (max-width: 1024px) 100vw, 1024px\" \/><\/figure>\n","protected":false},"excerpt":{"rendered":"<p>Der Termin f\u00fcr Intermat r\u00fcckt n\u00e4her, die internationale Messe der Bauindustrie, die vom 24. bis 27. April in Paris stattfindet. An dieser Ausgabe werden fast 1.000 Aussteller teilnehmen. Wir werden mit unserem gesamten Produktsortiment aus allen unseren Divisionen am Stand vertreten sein, der von unserer franz\u00f6sischen Tochtergesellschaft organisiert wird. Wir freuen uns auf Ihren Besuch [&hellip;]<\/p>\n","protected":false},"author":2,"featured_media":16937,"comment_status":"closed","ping_status":"closed","sticky":false,"template":"","format":"standard","meta":{"_acf_changed":false,"footnotes":""},"categories":[717],"tags":[],"class_list":["post-14061","post","type-post","status-publish","format-standard","has-post-thumbnail","hentry","category-unkategorisiert"],"acf":[],"_links":{"self":[{"href":"https:\/\/www.imergroup.com\/de\/wp-json\/wp\/v2\/posts\/14061","targetHints":{"allow":["GET"]}}],"collection":[{"href":"https:\/\/www.imergroup.com\/de\/wp-json\/wp\/v2\/posts"}],"about":[{"href":"https:\/\/www.imergroup.com\/de\/wp-json\/wp\/v2\/types\/post"}],"author":[{"embeddable":true,"href":"https:\/\/www.imergroup.com\/de\/wp-json\/wp\/v2\/users\/2"}],"replies":[{"embeddable":true,"href":"https:\/\/www.imergroup.com\/de\/wp-json\/wp\/v2\/comments?post=14061"}],"version-history":[{"count":1,"href":"https:\/\/www.imergroup.com\/de\/wp-json\/wp\/v2\/posts\/14061\/revisions"}],"predecessor-version":[{"id":14062,"href":"https:\/\/www.imergroup.com\/de\/wp-json\/wp\/v2\/posts\/14061\/revisions\/14062"}],"wp:featuredmedia":[{"embeddable":true,"href":"https:\/\/www.imergroup.com\/de\/wp-json\/wp\/v2\/media\/16937"}],"wp:attachment":[{"href":"https:\/\/www.imergroup.com\/de\/wp-json\/wp\/v2\/media?parent=14061"}],"wp:term":[{"taxonomy":"category","embeddable":true,"href":"https:\/\/www.imergroup.com\/de\/wp-json\/wp\/v2\/categories?post=14061"},{"taxonomy":"post_tag","embeddable":true,"href":"https:\/\/www.imergroup.com\/de\/wp-json\/wp\/v2\/tags?post=14061"}],"curies":[{"name":"wp","href":"https:\/\/api.w.org\/{rel}","templated":true}]}}