{"id":14071,"date":"2024-06-12T11:23:24","date_gmt":"2024-06-12T09:23:24","guid":{"rendered":"https:\/\/www.imergroup.com\/?p=14071"},"modified":"2026-02-02T16:34:58","modified_gmt":"2026-02-02T15:34:58","slug":"neue-video-minischneider","status":"publish","type":"post","link":"https:\/\/www.imergroup.com\/de\/neue-video-minischneider\/","title":{"rendered":"NEUE VIDEOS MINISCISSOR IM 4080 &#8211; IM 5080"},"content":{"rendered":"\n<p class=\"wp-block-paragraph\">IM 4080 &#8211; IM 5080. Miniscissor-Plattformen f\u00fcr den Innen- und Au\u00dfenbereich. Maximale Arbeitsh\u00f6he 5,8 m (IM 4080) \/ 6,9 m (IM 5080). Elektrische Lenkung an den Vorderr\u00e4dern, elektrische Antrieb an den Hinterr\u00e4dern, manuelle Plattformerweiterung 66 cm, AGM-Batterien. Erh\u00e4ltlich in den Versionen UL und H. Tragf\u00e4higkeit 230 kg (130 kg bei Erweiterung). Kompakte und leicht transportierbare Modelle, auch f\u00fcr alle Nutzfahrzeuge.<\/p>\n\n<p class=\"wp-block-paragraph\">Sehen Sie sich die Videos an, um alle Funktionen der Maschinen zu entdecken!<\/p>\n\n<p class=\"wp-block-paragraph\"><a href=\"https:\/\/www.youtube.com\/watch?v=CR3EwQa_FVw\" rel=\"noopener\">Video IM 4080<\/a><br\/><br\/><a href=\"https:\/\/www.youtube.com\/watch?v=BRMmICAJ4mA\" rel=\"noopener\">Video IM 5080<\/a><br\/><\/p>\n\n<figure class=\"wp-block-image size-large\"><img loading=\"lazy\" decoding=\"async\" width=\"1024\" height=\"631\" src=\"https:\/\/www.imergroup.com\/wp-content\/uploads\/2024\/06\/immagine-news-video-miniscissor-1024x631.jpg\" alt=\"\" class=\"wp-image-11149\" srcset=\"https:\/\/www.imergroup.com\/wp-content\/uploads\/2024\/06\/immagine-news-video-miniscissor-1024x631.jpg 1024w, https:\/\/www.imergroup.com\/wp-content\/uploads\/2024\/06\/immagine-news-video-miniscissor-300x185.jpg 300w, https:\/\/www.imergroup.com\/wp-content\/uploads\/2024\/06\/immagine-news-video-miniscissor-768x473.jpg 768w, https:\/\/www.imergroup.com\/wp-content\/uploads\/2024\/06\/immagine-news-video-miniscissor-1536x946.jpg 1536w, https:\/\/www.imergroup.com\/wp-content\/uploads\/2024\/06\/immagine-news-video-miniscissor-974x600.jpg 974w, https:\/\/www.imergroup.com\/wp-content\/uploads\/2024\/06\/immagine-news-video-miniscissor-739x455.jpg 739w, https:\/\/www.imergroup.com\/wp-content\/uploads\/2024\/06\/immagine-news-video-miniscissor.jpg 1739w\" sizes=\"auto, (max-width: 1024px) 100vw, 1024px\" \/><\/figure>\n","protected":false},"excerpt":{"rendered":"<p>IM 4080 &#8211; IM 5080. Miniscissor-Plattformen f\u00fcr den Innen- und Au\u00dfenbereich. Maximale Arbeitsh\u00f6he 5,8 m (IM 4080) \/ 6,9 m (IM 5080). Elektrische Lenkung an den Vorderr\u00e4dern, elektrische Antrieb an den Hinterr\u00e4dern, manuelle Plattformerweiterung 66 cm, AGM-Batterien. Erh\u00e4ltlich in den Versionen UL und H. Tragf\u00e4higkeit 230 kg (130 kg bei Erweiterung). Kompakte und leicht transportierbare [&hellip;]<\/p>\n","protected":false},"author":2,"featured_media":16939,"comment_status":"closed","ping_status":"closed","sticky":false,"template":"","format":"standard","meta":{"_acf_changed":false,"footnotes":""},"categories":[717],"tags":[],"class_list":["post-14071","post","type-post","status-publish","format-standard","has-post-thumbnail","hentry","category-unkategorisiert"],"acf":[],"_links":{"self":[{"href":"https:\/\/www.imergroup.com\/de\/wp-json\/wp\/v2\/posts\/14071","targetHints":{"allow":["GET"]}}],"collection":[{"href":"https:\/\/www.imergroup.com\/de\/wp-json\/wp\/v2\/posts"}],"about":[{"href":"https:\/\/www.imergroup.com\/de\/wp-json\/wp\/v2\/types\/post"}],"author":[{"embeddable":true,"href":"https:\/\/www.imergroup.com\/de\/wp-json\/wp\/v2\/users\/2"}],"replies":[{"embeddable":true,"href":"https:\/\/www.imergroup.com\/de\/wp-json\/wp\/v2\/comments?post=14071"}],"version-history":[{"count":1,"href":"https:\/\/www.imergroup.com\/de\/wp-json\/wp\/v2\/posts\/14071\/revisions"}],"predecessor-version":[{"id":14072,"href":"https:\/\/www.imergroup.com\/de\/wp-json\/wp\/v2\/posts\/14071\/revisions\/14072"}],"wp:featuredmedia":[{"embeddable":true,"href":"https:\/\/www.imergroup.com\/de\/wp-json\/wp\/v2\/media\/16939"}],"wp:attachment":[{"href":"https:\/\/www.imergroup.com\/de\/wp-json\/wp\/v2\/media?parent=14071"}],"wp:term":[{"taxonomy":"category","embeddable":true,"href":"https:\/\/www.imergroup.com\/de\/wp-json\/wp\/v2\/categories?post=14071"},{"taxonomy":"post_tag","embeddable":true,"href":"https:\/\/www.imergroup.com\/de\/wp-json\/wp\/v2\/tags?post=14071"}],"curies":[{"name":"wp","href":"https:\/\/api.w.org\/{rel}","templated":true}]}}