{"id":19586,"date":"2026-04-10T12:18:45","date_gmt":"2026-04-10T10:18:45","guid":{"rendered":"https:\/\/www.imergroup.com\/?p=19586"},"modified":"2026-04-10T12:18:46","modified_gmt":"2026-04-10T10:18:46","slug":"danke-silvano","status":"publish","type":"post","link":"https:\/\/www.imergroup.com\/de\/danke-silvano\/","title":{"rendered":"DANKE, SILVANO"},"content":{"rendered":"\n<figure class=\"wp-block-image size-large\"><img loading=\"lazy\" decoding=\"async\" width=\"1024\" height=\"1024\" src=\"https:\/\/www.imergroup.com\/wp-content\/uploads\/2026\/04\/silvano-bencini-1024x1024.jpg\" alt=\"\" class=\"wp-image-19566\" srcset=\"https:\/\/www.imergroup.com\/wp-content\/uploads\/2026\/04\/silvano-bencini-1024x1024.jpg 1024w, https:\/\/www.imergroup.com\/wp-content\/uploads\/2026\/04\/silvano-bencini-300x300.jpg 300w, https:\/\/www.imergroup.com\/wp-content\/uploads\/2026\/04\/silvano-bencini-150x150.jpg 150w, https:\/\/www.imergroup.com\/wp-content\/uploads\/2026\/04\/silvano-bencini-768x768.jpg 768w, https:\/\/www.imergroup.com\/wp-content\/uploads\/2026\/04\/silvano-bencini-600x600.jpg 600w, https:\/\/www.imergroup.com\/wp-content\/uploads\/2026\/04\/silvano-bencini-455x455.jpg 455w, https:\/\/www.imergroup.com\/wp-content\/uploads\/2026\/04\/silvano-bencini.jpg 1106w\" sizes=\"auto, (max-width: 1024px) 100vw, 1024px\" \/><\/figure>\n\n\n\n<p class=\"wp-block-paragraph\">Ein Licht, das das Leben so vieler erhellte, ist heute erloschen.<br><br>Silvano Bencini, einer der Gr\u00fcndungspartner und Pr\u00e4sident der IMER-Gruppe, ist verstorben. Er war ein Mann, der stets tr\u00e4umte und insbesondere beruflich ehrgeizige Ziele verfolgte, die er gemeinsam erreichen wollte. Sein ganzes langes Leben lang widmete er sich mit einer Leidenschaft und Weitsicht, die ihresgleichen suchen, unerm\u00fcdlich seinem Unternehmen und den Menschen, die zu ihm geh\u00f6rten.<br><br>Er war und bleibt die Seele des Unternehmens und gleichzeitig einer von uns. Ein Mann, der \u00fcber seine eigentliche Rolle hinaus immer f\u00fcr alle da war, der pers\u00f6nliche Beziehungen zu seiner Lebensaufgabe machte und der es verstand, authentische Beziehungen zu Menschen aufzubauen, ohne sprachliche oder kulturelle Barrieren. <br><br>Ein Mann und Unternehmer, der an die Menschen glaubte und der gemeinsam mit seinen Partnern weiter gehen wollte und der mit Entschlossenheit und Mut stets daran glaubte, dass die in den fernen 1960er Jahren gegr\u00fcndete Industriegruppe zu einer gro\u00dfen Realit\u00e4t werden k\u00f6nnte.<\/p>\n\n\n\n<p class=\"wp-block-paragraph\">Seine Gesch\u00e4ftspartner, Kunden und Mitarbeiter waren Partner und Freunde: \u201eZweifelt niemals daran, dass eine kleine Gruppe von Menschen die Welt ver\u00e4ndern kann. In Wahrheit ist es das Einzige, was je geschehen ist.\u201c (Margaret Mead) Daran glaubte er stets fest.<\/p>\n\n\n\n<p class=\"wp-block-paragraph\">Die zahlreichen Auszeichnungen, die er im Laufe seines Berufslebens von Institutionen und Unternehmern erhielt, zeugen nicht nur von deren tiefem Respekt vor ihm als Unternehmer, sondern auch von ihrer aufrichtigen Zuneigung f\u00fcr seine Sensibilit\u00e4t und Offenheit im pers\u00f6nlichen Umgang.<\/p>\n\n\n\n<p class=\"wp-block-paragraph\">Alle, die das Gl\u00fcck hatten, ihn zu kennen, werden ein St\u00fcck von ihm im Herzen tragen, so wie er sich um die Menschen k\u00fcmmerte, denen er gro\u00dfe G\u00fcte und Menschlichkeit entgegenbrachte.<\/p>\n\n\n\n<p class=\"wp-block-paragraph\">Seine brillante und leidenschaftliche Sicht auf das Leben und seine Arbeit wird uns immer leiten. Wir sind ihm alle dankbar f\u00fcr das, was er uns gelehrt hat.<\/p>\n\n\n\n<p class=\"wp-block-paragraph\">Er wird f\u00fcr uns alle ein Vorbild bleiben.<\/p>\n\n\n\n<p class=\"wp-block-paragraph\">Danke, Silvano.<\/p>\n","protected":false},"excerpt":{"rendered":"<p>Ein Licht, das das Leben so vieler erhellte, ist heute erloschen. Silvano Bencini, einer der Gr\u00fcndungspartner und Pr\u00e4sident der IMER-Gruppe, ist verstorben. Er war ein Mann, der stets tr\u00e4umte und insbesondere beruflich ehrgeizige Ziele verfolgte, die er gemeinsam erreichen wollte. Sein ganzes langes Leben lang widmete er sich mit einer Leidenschaft und Weitsicht, die ihresgleichen [&hellip;]<\/p>\n","protected":false},"author":2,"featured_media":19566,"comment_status":"closed","ping_status":"closed","sticky":false,"template":"","format":"standard","meta":{"_acf_changed":false,"footnotes":""},"categories":[717],"tags":[],"class_list":["post-19586","post","type-post","status-publish","format-standard","has-post-thumbnail","hentry","category-unkategorisiert"],"acf":[],"_links":{"self":[{"href":"https:\/\/www.imergroup.com\/de\/wp-json\/wp\/v2\/posts\/19586","targetHints":{"allow":["GET"]}}],"collection":[{"href":"https:\/\/www.imergroup.com\/de\/wp-json\/wp\/v2\/posts"}],"about":[{"href":"https:\/\/www.imergroup.com\/de\/wp-json\/wp\/v2\/types\/post"}],"author":[{"embeddable":true,"href":"https:\/\/www.imergroup.com\/de\/wp-json\/wp\/v2\/users\/2"}],"replies":[{"embeddable":true,"href":"https:\/\/www.imergroup.com\/de\/wp-json\/wp\/v2\/comments?post=19586"}],"version-history":[{"count":1,"href":"https:\/\/www.imergroup.com\/de\/wp-json\/wp\/v2\/posts\/19586\/revisions"}],"predecessor-version":[{"id":19587,"href":"https:\/\/www.imergroup.com\/de\/wp-json\/wp\/v2\/posts\/19586\/revisions\/19587"}],"wp:featuredmedia":[{"embeddable":true,"href":"https:\/\/www.imergroup.com\/de\/wp-json\/wp\/v2\/media\/19566"}],"wp:attachment":[{"href":"https:\/\/www.imergroup.com\/de\/wp-json\/wp\/v2\/media?parent=19586"}],"wp:term":[{"taxonomy":"category","embeddable":true,"href":"https:\/\/www.imergroup.com\/de\/wp-json\/wp\/v2\/categories?post=19586"},{"taxonomy":"post_tag","embeddable":true,"href":"https:\/\/www.imergroup.com\/de\/wp-json\/wp\/v2\/tags?post=19586"}],"curies":[{"name":"wp","href":"https:\/\/api.w.org\/{rel}","templated":true}]}}