{"id":19770,"date":"2026-05-13T16:48:12","date_gmt":"2026-05-13T14:48:12","guid":{"rendered":"https:\/\/www.imergroup.com\/?p=19770"},"modified":"2026-05-13T16:52:35","modified_gmt":"2026-05-13T14:52:35","slug":"sdd","status":"publish","type":"post","link":"https:\/\/www.imergroup.com\/de\/sdd\/","title":{"rendered":"IMER Access IMER von den Alpen bis zum Nordkap mit Bernhard Kahn"},"content":{"rendered":"\n<figure class=\"wp-block-image size-large\"><img loading=\"lazy\" decoding=\"async\" width=\"819\" height=\"1024\" src=\"https:\/\/www.imergroup.com\/wp-content\/uploads\/2026\/05\/IMER_cs_13-05-2026-819x1024.png\" alt=\"\" class=\"wp-image-19765\" srcset=\"https:\/\/www.imergroup.com\/wp-content\/uploads\/2026\/05\/IMER_cs_13-05-2026-819x1024.png 819w, https:\/\/www.imergroup.com\/wp-content\/uploads\/2026\/05\/IMER_cs_13-05-2026-240x300.png 240w, https:\/\/www.imergroup.com\/wp-content\/uploads\/2026\/05\/IMER_cs_13-05-2026-768x960.png 768w, https:\/\/www.imergroup.com\/wp-content\/uploads\/2026\/05\/IMER_cs_13-05-2026-480x600.png 480w, https:\/\/www.imergroup.com\/wp-content\/uploads\/2026\/05\/IMER_cs_13-05-2026-364x455.png 364w, https:\/\/www.imergroup.com\/wp-content\/uploads\/2026\/05\/IMER_cs_13-05-2026.png 1080w\" sizes=\"auto, (max-width: 819px) 100vw, 819px\" \/><\/figure>\n\n\n\n<p class=\"wp-block-paragraph\">Die IMER Group baut ihre Vertriebs- und Marktaktivit\u00e4ten in Europa weiter konsequent aus und st\u00e4rkt ihre Organisation mit einer erweiterten Verantwortung f\u00fcr einen ihrer erfahrensten Branchenexperten: Bernhard Kahn \u00fcbernimmt ab sofort die Verantwortung f\u00fcr die Regionen DACH und Skandinavien innerhalb der Sparte IMER Access.<br>Mit seiner neuen Position \u00fcbernimmt Bernhard Kahn eine klar definierte strategische Aufgabe f\u00fcr die Weiterentwicklung der Marke IMER in Europa.<\/p>\n\n\n\n<p class=\"wp-block-paragraph\"><a href=\"https:\/\/www.imergroup.com\/wp-content\/uploads\/2026\/05\/pr_Acc_Alps-NorthCape_IMER_13-05-2026_de.pdf\">Lesen Sie die vollst\u00e4ndige Pressemitteilung<\/a><\/p>\n","protected":false},"excerpt":{"rendered":"<p>Die IMER Group baut ihre Vertriebs- und Marktaktivit\u00e4ten in Europa weiter konsequent aus und st\u00e4rkt ihre Organisation mit einer erweiterten Verantwortung f\u00fcr einen ihrer erfahrensten Branchenexperten: Bernhard Kahn \u00fcbernimmt ab sofort die Verantwortung f\u00fcr die Regionen DACH und Skandinavien innerhalb der Sparte IMER Access.Mit seiner neuen Position \u00fcbernimmt Bernhard Kahn eine klar definierte strategische Aufgabe [&hellip;]<\/p>\n","protected":false},"author":2,"featured_media":19765,"comment_status":"closed","ping_status":"closed","sticky":false,"template":"","format":"standard","meta":{"_acf_changed":false,"footnotes":""},"categories":[717],"tags":[],"class_list":["post-19770","post","type-post","status-publish","format-standard","has-post-thumbnail","hentry","category-unkategorisiert"],"acf":[],"_links":{"self":[{"href":"https:\/\/www.imergroup.com\/de\/wp-json\/wp\/v2\/posts\/19770","targetHints":{"allow":["GET"]}}],"collection":[{"href":"https:\/\/www.imergroup.com\/de\/wp-json\/wp\/v2\/posts"}],"about":[{"href":"https:\/\/www.imergroup.com\/de\/wp-json\/wp\/v2\/types\/post"}],"author":[{"embeddable":true,"href":"https:\/\/www.imergroup.com\/de\/wp-json\/wp\/v2\/users\/2"}],"replies":[{"embeddable":true,"href":"https:\/\/www.imergroup.com\/de\/wp-json\/wp\/v2\/comments?post=19770"}],"version-history":[{"count":2,"href":"https:\/\/www.imergroup.com\/de\/wp-json\/wp\/v2\/posts\/19770\/revisions"}],"predecessor-version":[{"id":19773,"href":"https:\/\/www.imergroup.com\/de\/wp-json\/wp\/v2\/posts\/19770\/revisions\/19773"}],"wp:featuredmedia":[{"embeddable":true,"href":"https:\/\/www.imergroup.com\/de\/wp-json\/wp\/v2\/media\/19765"}],"wp:attachment":[{"href":"https:\/\/www.imergroup.com\/de\/wp-json\/wp\/v2\/media?parent=19770"}],"wp:term":[{"taxonomy":"category","embeddable":true,"href":"https:\/\/www.imergroup.com\/de\/wp-json\/wp\/v2\/categories?post=19770"},{"taxonomy":"post_tag","embeddable":true,"href":"https:\/\/www.imergroup.com\/de\/wp-json\/wp\/v2\/tags?post=19770"}],"curies":[{"name":"wp","href":"https:\/\/api.w.org\/{rel}","templated":true}]}}