{"id":19853,"date":"2026-05-25T12:02:13","date_gmt":"2026-05-25T10:02:13","guid":{"rendered":"https:\/\/www.imergroup.com\/?p=19853"},"modified":"2026-05-25T12:02:15","modified_gmt":"2026-05-25T10:02:15","slug":"besuchen-sie-uns-auf-der-apex-2026","status":"publish","type":"post","link":"https:\/\/www.imergroup.com\/de\/besuchen-sie-uns-auf-der-apex-2026\/","title":{"rendered":"BESUCHEN SIE UNS AUF DER APEX 2026!"},"content":{"rendered":"\n<figure class=\"wp-block-image size-large\"><img loading=\"lazy\" decoding=\"async\" width=\"1024\" height=\"1024\" src=\"https:\/\/www.imergroup.com\/wp-content\/uploads\/2026\/05\/news_Apex2026-1024x1024.jpeg\" alt=\"\" class=\"wp-image-19847\" srcset=\"https:\/\/www.imergroup.com\/wp-content\/uploads\/2026\/05\/news_Apex2026-1024x1024.jpeg 1024w, https:\/\/www.imergroup.com\/wp-content\/uploads\/2026\/05\/news_Apex2026-300x300.jpeg 300w, https:\/\/www.imergroup.com\/wp-content\/uploads\/2026\/05\/news_Apex2026-150x150.jpeg 150w, https:\/\/www.imergroup.com\/wp-content\/uploads\/2026\/05\/news_Apex2026-768x768.jpeg 768w, https:\/\/www.imergroup.com\/wp-content\/uploads\/2026\/05\/news_Apex2026-1536x1536.jpeg 1536w, https:\/\/www.imergroup.com\/wp-content\/uploads\/2026\/05\/news_Apex2026-600x600.jpeg 600w, https:\/\/www.imergroup.com\/wp-content\/uploads\/2026\/05\/news_Apex2026-455x455.jpeg 455w, https:\/\/www.imergroup.com\/wp-content\/uploads\/2026\/05\/news_Apex2026.jpeg 1667w\" sizes=\"auto, (max-width: 1024px) 100vw, 1024px\" \/><\/figure>\n\n\n\n<p class=\"wp-block-paragraph\">IMER ACCESS stellt auf der APEX \/ IRE 2026 aus!<\/p>\n\n\n\n<p class=\"wp-block-paragraph\">Besuchen Sie uns vom 2. bis 4. Juni in Maastricht (NL) auf der internationalen Leitmesse f\u00fcr Arbeitsb\u00fchnen, Kompaktmaschinen und Mietl\u00f6sungen.<\/p>\n\n\n\n<p class=\"wp-block-paragraph\">Sie finden uns im Au\u00dfenbereich \u2013 Stand 1590.<\/p>\n\n\n\n<p class=\"wp-block-paragraph\">Entdecken Sie unsere neuesten Innovationen, lernen Sie das IMER ACCESS-Team kennen und erleben Sie unsere L\u00f6sungen hautnah.<\/p>\n\n\n\n<p class=\"wp-block-paragraph\"><a href=\"https:\/\/forms.reg.buzz\/apex-ire-2026\" rel=\"noopener\">Kostenlose Registrierung<\/a><\/p>\n\n\n\n<p class=\"wp-block-paragraph\">Wir freuen uns auf Ihren Besuch auf der APEX \/ IRE 2026!<\/p>\n\n\n\n<p class=\"wp-block-paragraph\"><\/p>\n","protected":false},"excerpt":{"rendered":"<p>IMER ACCESS stellt auf der APEX \/ IRE 2026 aus! Besuchen Sie uns vom 2. bis 4. Juni in Maastricht (NL) auf der internationalen Leitmesse f\u00fcr Arbeitsb\u00fchnen, Kompaktmaschinen und Mietl\u00f6sungen. Sie finden uns im Au\u00dfenbereich \u2013 Stand 1590. Entdecken Sie unsere neuesten Innovationen, lernen Sie das IMER ACCESS-Team kennen und erleben Sie unsere L\u00f6sungen hautnah. [&hellip;]<\/p>\n","protected":false},"author":2,"featured_media":19847,"comment_status":"closed","ping_status":"closed","sticky":false,"template":"","format":"standard","meta":{"_acf_changed":false,"footnotes":""},"categories":[717],"tags":[],"class_list":["post-19853","post","type-post","status-publish","format-standard","has-post-thumbnail","hentry","category-unkategorisiert"],"acf":[],"_links":{"self":[{"href":"https:\/\/www.imergroup.com\/de\/wp-json\/wp\/v2\/posts\/19853","targetHints":{"allow":["GET"]}}],"collection":[{"href":"https:\/\/www.imergroup.com\/de\/wp-json\/wp\/v2\/posts"}],"about":[{"href":"https:\/\/www.imergroup.com\/de\/wp-json\/wp\/v2\/types\/post"}],"author":[{"embeddable":true,"href":"https:\/\/www.imergroup.com\/de\/wp-json\/wp\/v2\/users\/2"}],"replies":[{"embeddable":true,"href":"https:\/\/www.imergroup.com\/de\/wp-json\/wp\/v2\/comments?post=19853"}],"version-history":[{"count":1,"href":"https:\/\/www.imergroup.com\/de\/wp-json\/wp\/v2\/posts\/19853\/revisions"}],"predecessor-version":[{"id":19854,"href":"https:\/\/www.imergroup.com\/de\/wp-json\/wp\/v2\/posts\/19853\/revisions\/19854"}],"wp:featuredmedia":[{"embeddable":true,"href":"https:\/\/www.imergroup.com\/de\/wp-json\/wp\/v2\/media\/19847"}],"wp:attachment":[{"href":"https:\/\/www.imergroup.com\/de\/wp-json\/wp\/v2\/media?parent=19853"}],"wp:term":[{"taxonomy":"category","embeddable":true,"href":"https:\/\/www.imergroup.com\/de\/wp-json\/wp\/v2\/categories?post=19853"},{"taxonomy":"post_tag","embeddable":true,"href":"https:\/\/www.imergroup.com\/de\/wp-json\/wp\/v2\/tags?post=19853"}],"curies":[{"name":"wp","href":"https:\/\/api.w.org\/{rel}","templated":true}]}}