{"id":21544,"date":"2026-07-28T16:24:46","date_gmt":"2026-07-28T14:24:46","guid":{"rendered":"https:\/\/www.imergroup.com\/?p=21544"},"modified":"2026-07-28T16:24:48","modified_gmt":"2026-07-28T14:24:48","slug":"sommerschliessung-2","status":"publish","type":"post","link":"https:\/\/www.imergroup.com\/de\/sommerschliessung-2\/","title":{"rendered":"SOMMERSCHLIESSUNG"},"content":{"rendered":"\n<figure class=\"wp-block-image size-large\"><img loading=\"lazy\" decoding=\"async\" width=\"819\" height=\"1024\" src=\"https:\/\/www.imergroup.com\/wp-content\/uploads\/2026\/07\/news_chiusura-estiva-2026-819x1024.jpg\" alt=\"\" class=\"wp-image-21534\" srcset=\"https:\/\/www.imergroup.com\/wp-content\/uploads\/2026\/07\/news_chiusura-estiva-2026-819x1024.jpg 819w, https:\/\/www.imergroup.com\/wp-content\/uploads\/2026\/07\/news_chiusura-estiva-2026-240x300.jpg 240w, https:\/\/www.imergroup.com\/wp-content\/uploads\/2026\/07\/news_chiusura-estiva-2026-768x960.jpg 768w, https:\/\/www.imergroup.com\/wp-content\/uploads\/2026\/07\/news_chiusura-estiva-2026-1229x1536.jpg 1229w, https:\/\/www.imergroup.com\/wp-content\/uploads\/2026\/07\/news_chiusura-estiva-2026-1638x2048.jpg 1638w, https:\/\/www.imergroup.com\/wp-content\/uploads\/2026\/07\/news_chiusura-estiva-2026-480x600.jpg 480w, https:\/\/www.imergroup.com\/wp-content\/uploads\/2026\/07\/news_chiusura-estiva-2026-364x455.jpg 364w, https:\/\/www.imergroup.com\/wp-content\/uploads\/2026\/07\/news_chiusura-estiva-2026-scaled.jpg 1536w\" sizes=\"auto, (max-width: 819px) 100vw, 819px\" \/><\/figure>\n\n\n\n<p class=\"wp-block-paragraph\">Wir informieren Sie dar\u00fcber, dass unsere Produktionsst\u00e4tten und B\u00fcros in den folgenden Zeitr\u00e4umen wegen der Sommerferien geschlossen sind:<\/p>\n\n\n\n<p class=\"wp-block-paragraph\"><strong>IMER Equipment<\/strong>: vom 7. bis einschlie\u00dflich 28. August<br><br><strong>IMER Concrete<\/strong>: vom 7. bis einschlie\u00dflich 28. August<br><br><strong>IMER Access<\/strong>: vom 7. bis einschlie\u00dflich 28. August. Die Kundendienst-, Ersatzteil- und Vertriebsb\u00fcros der Access Division sind vom 24. bis einschlie\u00dflich 28. August ge\u00f6ffnet.<\/p>\n\n\n\n<p class=\"wp-block-paragraph\">Wir w\u00fcnschen Ihnen sch\u00f6ne Ferien!<\/p>\n","protected":false},"excerpt":{"rendered":"<p>Wir informieren Sie dar\u00fcber, dass unsere Produktionsst\u00e4tten und B\u00fcros in den folgenden Zeitr\u00e4umen wegen der Sommerferien geschlossen sind: IMER Equipment: vom 7. bis einschlie\u00dflich 28. August IMER Concrete: vom 7. bis einschlie\u00dflich 28. August IMER Access: vom 7. bis einschlie\u00dflich 28. August. Die Kundendienst-, Ersatzteil- und Vertriebsb\u00fcros der Access Division sind vom 24. bis einschlie\u00dflich [&hellip;]<\/p>\n","protected":false},"author":2,"featured_media":21534,"comment_status":"closed","ping_status":"closed","sticky":false,"template":"","format":"standard","meta":{"_acf_changed":false,"footnotes":""},"categories":[717],"tags":[],"class_list":["post-21544","post","type-post","status-publish","format-standard","has-post-thumbnail","hentry","category-unkategorisiert"],"acf":[],"_links":{"self":[{"href":"https:\/\/www.imergroup.com\/de\/wp-json\/wp\/v2\/posts\/21544","targetHints":{"allow":["GET"]}}],"collection":[{"href":"https:\/\/www.imergroup.com\/de\/wp-json\/wp\/v2\/posts"}],"about":[{"href":"https:\/\/www.imergroup.com\/de\/wp-json\/wp\/v2\/types\/post"}],"author":[{"embeddable":true,"href":"https:\/\/www.imergroup.com\/de\/wp-json\/wp\/v2\/users\/2"}],"replies":[{"embeddable":true,"href":"https:\/\/www.imergroup.com\/de\/wp-json\/wp\/v2\/comments?post=21544"}],"version-history":[{"count":1,"href":"https:\/\/www.imergroup.com\/de\/wp-json\/wp\/v2\/posts\/21544\/revisions"}],"predecessor-version":[{"id":21545,"href":"https:\/\/www.imergroup.com\/de\/wp-json\/wp\/v2\/posts\/21544\/revisions\/21545"}],"wp:featuredmedia":[{"embeddable":true,"href":"https:\/\/www.imergroup.com\/de\/wp-json\/wp\/v2\/media\/21534"}],"wp:attachment":[{"href":"https:\/\/www.imergroup.com\/de\/wp-json\/wp\/v2\/media?parent=21544"}],"wp:term":[{"taxonomy":"category","embeddable":true,"href":"https:\/\/www.imergroup.com\/de\/wp-json\/wp\/v2\/categories?post=21544"},{"taxonomy":"post_tag","embeddable":true,"href":"https:\/\/www.imergroup.com\/de\/wp-json\/wp\/v2\/tags?post=21544"}],"curies":[{"name":"wp","href":"https:\/\/api.w.org\/{rel}","templated":true}]}}